{"id":10998,"__str__":"Mo\u00e7\u00e3o n\u00ba 1, de 02 de abril de 2025","link_detail_backend":"/norma/10998","metadata":{"signs":{"texto_integral":{"admin":[],"autores":[["Antonio de Miranda Silva",["2025-03-07T07:35:13-03:00","ICP-Brasil - Certificado PF A3"]]]}}},"texto_integral":"http://sapl.itauna.mg.leg.br/media/sapl/public/normajuridica/2025/10998/mocao_01-2025_-mocao_de_apelo_-_assinada_-_para_cemig_pelas_quedas_de_energia_zona_rural.pdf","numero":"1","ano":2025,"esfera_federacao":"M","data":"2025-04-02","data_publicacao":null,"veiculo_publicacao":"","pagina_inicio_publicacao":null,"pagina_fim_publicacao":null,"ementa":"Mo\u00e7\u00e3o de Apelo \u00e0 Presid\u00eancia da Cemig, solicitando que sejam tomadas todas as provid\u00eancias necess\u00e1rias para solucionar as graves e constantes interrup\u00e7\u00f5es no fornecimento de energia el\u00e9trica nas comunidades rurais de S\u00e3o Jos\u00e9 de Pedras, Brejo Alegre e Retiro dos Farias, em nosso Munic\u00edpio.","indexacao":"","observacao":"","complemento":false,"data_vigencia":null,"timestamp":"2026-03-24T08:51:05.402008-03:00","data_ultima_atualizacao":"2026-03-24T08:51:05.547473-03:00","ip":"143.255.45.135","ultima_edicao":"2025-04-08T09:15:56.778429-03:00","tipo":6,"materia":4544,"orgao":null,"user":1,"assuntos":[],"autores":[]}