{"id":4526,"__str__":"Projeto de Lei Ordin\u00e1ria n\u00ba 11 de 2025","link_detail_backend":"/materia/4526","metadata":{},"numero":11,"ano":2025,"numero_protocolo":null,"data_apresentacao":"2025-01-21","tipo_apresentacao":"","data_publicacao":null,"numero_origem_externa":"","ano_origem_externa":null,"data_origem_externa":null,"apelido":"","dias_prazo":null,"data_fim_prazo":null,"em_tramitacao":false,"polemica":false,"objeto":"","complementar":false,"ementa":"Denomina pr\u00f3prio p\u00fablico: Capela Vel\u00f3rio Municipal Padre Jos\u00e9 Luiz de Freitas","indexacao":"Denomina pr\u00f3prio p\u00fablico: Capela Vel\u00f3rio Municipal Padre Jos\u00e9 Luiz de Freitas","observacao":"","resultado":"","texto_original":"http://sapl.itauna.mg.leg.br/media/sapl/public/materialegislativa/2025/4526/pl_11-2025_-_proprio_publico_capela_velorio_padre_jose_luiz_de_freitas.pdf","data_ultima_atualizacao":"2026-02-09T11:11:16.189270-03:00","ip":"143.255.45.135","ultima_edicao":"2025-01-20T08:09:20.256662-03:00","tipo":1,"regime_tramitacao":1,"tipo_origem_externa":null,"local_origem_externa":null,"user":1,"anexadas":[],"autores":[14,71]}