{"id":3893,"__str__":"Projeto de Resolu\u00e7\u00e3o n\u00ba 1 de 2023","link_detail_backend":"/materia/3893","metadata":{},"numero":1,"ano":2023,"numero_protocolo":null,"data_apresentacao":"2023-01-17","tipo_apresentacao":"","data_publicacao":null,"numero_origem_externa":"","ano_origem_externa":null,"data_origem_externa":null,"apelido":"","dias_prazo":null,"data_fim_prazo":null,"em_tramitacao":true,"polemica":false,"objeto":"","complementar":false,"ementa":"Disp\u00f5e sobre a recomposi\u00e7\u00e3o inflacion\u00e1ria dos subs\u00eddios dos Vereadores da C\u00e2mara Municipal de Ita\u00fana para o ano de 2023 e d\u00e1 outras provid\u00eancias.","indexacao":"Disp\u00f5e sobre a recomposi\u00e7\u00e3o inflacion\u00e1ria dos subs\u00eddios dos Vereadores da C\u00e2mara Municipal de Ita\u00fana para o ano de 2023 e d\u00e1 outras provid\u00eancias.","observacao":"Leitura e vota\u00e7\u00e3o em 17 de janeiro de 2023, em regime de urg\u00eancia","resultado":"","texto_original":"http://sapl.itauna.mg.leg.br/media/sapl/public/materialegislativa/2023/3893/pjres_01-2023_-_reajuste_de_venc._aos_vereadores.pdf","data_ultima_atualizacao":"2023-01-24T10:05:24.389041-03:00","ip":"143.255.45.134","ultima_edicao":"2023-01-16T09:35:46.101095-03:00","tipo":2,"regime_tramitacao":2,"tipo_origem_externa":null,"local_origem_externa":null,"user":34,"anexadas":[],"autores":[26]}