{"id":3841,"__str__":"Projeto de Lei Ordin\u00e1ria n\u00ba 122 de 2022","link_detail_backend":"/materia/3841","metadata":{},"numero":122,"ano":2022,"numero_protocolo":null,"data_apresentacao":"2022-10-04","tipo_apresentacao":"","data_publicacao":null,"numero_origem_externa":"","ano_origem_externa":null,"data_origem_externa":null,"apelido":"","dias_prazo":null,"data_fim_prazo":null,"em_tramitacao":false,"polemica":false,"objeto":"","complementar":false,"ementa":"Disp\u00f5e sobre a cria\u00e7\u00e3o do \"Cord\u00e3o de Girassol\" como instrumento auxiliar para identifica\u00e7\u00e3o de pessoas com defici\u00eancias ocultas","indexacao":"\"Cord\u00e3o de Girassol\",identifica\u00e7\u00e3o de pessoas com defici\u00eancias ocultas, autismo, tdah, d\u00e9ficit de aten\u00e7\u00e3o, S\u00edndrome de Tourette, doen\u00e7a de Crohn, defici\u00eancia intelectual, fibrose c\u00edstica, epilepsia, vis\u00e3o subnormal, monocular","observacao":"","resultado":"","texto_original":"http://sapl.itauna.mg.leg.br/media/sapl/public/materialegislativa/2022/3841/pl_122-2022_-_cordao_de_girassol.pdf","data_ultima_atualizacao":"2022-10-31T08:52:44.218527-03:00","ip":"143.255.45.134","ultima_edicao":"2022-10-04T13:07:38.511820-03:00","tipo":1,"regime_tramitacao":1,"tipo_origem_externa":null,"local_origem_externa":null,"user":43,"anexadas":[],"autores":[20]}