{"id":2252,"__str__":"Parecer - Comiss\u00e3o Constitui\u00e7\u00e3o e Justi\u00e7a de 04/02/2026 por Relator Dalmo Assis","link_detail_backend":"/materia/documentoacessorio/2252","metadata":{"signs":{"arquivo":{"admin":[],"autores":[["Dalmo Assis de Oliveira",["2025-12-11T10:36:23-03:00","ICP-Brasil - Certificado PF A3"]]]}}},"nome":"Comiss\u00e3o Constitui\u00e7\u00e3o e Justi\u00e7a","data":"2026-02-04","autor":"Relator Dalmo Assis","ementa":"","indexacao":"","arquivo":"http://sapl.itauna.mg.leg.br/media/sapl/public/documentoacessorio/2025/2252/235_-_pl_136__2025_-_nomeacao_propria.pdf","data_ultima_atualizacao":"2026-02-04T08:45:33.487789-03:00","materia":4759,"tipo":5}