{"id":2117,"__str__":"Parecer - Comiss\u00e3o Constitui\u00e7\u00e3o e Justi\u00e7a de 16/10/2025 por Relator Dalmo Assis","link_detail_backend":"/materia/documentoacessorio/2117","metadata":{"signs":{"arquivo":{"admin":[],"autores":[["Dalmo Assis de Oliveira",["2025-10-10T15:31:52-03:00","ICP-Brasil - Certificado PF A3"]],["Israel Antonio Lucio Neto",["2025-10-14T10:44:40-03:00","ICP-Brasil - Certificado PF A3"]],["Jose Humberto Santiago Rodrigues",["2025-10-10T16:08:00-03:00","ICP-Brasil - Certificado PF A3"]]]}}},"nome":"Comiss\u00e3o Constitui\u00e7\u00e3o e Justi\u00e7a","data":"2025-10-16","autor":"Relator Dalmo Assis","ementa":"","indexacao":"","arquivo":"http://sapl.itauna.mg.leg.br/media/sapl/public/documentoacessorio/2025/2117/124_-_parecer_pl_113_2025.pdf","data_ultima_atualizacao":"2025-10-17T07:55:27.312566-03:00","materia":4729,"tipo":5}