{"id":2107,"__str__":"Parecer - Comiss\u00e3o Constitui\u00e7\u00e3o e Justi\u00e7a de 01/10/2025 por Relator Israel L\u00facio","link_detail_backend":"/materia/documentoacessorio/2107","metadata":{"signs":{"arquivo":{"admin":[],"autores":[["Dalmo Assis de Oliveira",["2025-09-30T08:14:14-03:00","ICP-Brasil - Certificado PF A3"]],["Israel Antonio Lucio Neto",["2025-09-30T07:06:27-03:00","ICP-Brasil - Certificado PF A3"]],["Jose Humberto Santiago Rodrigues",["2025-09-30T15:00:53-03:00","ICP-Brasil - Certificado PF A3"]]]}}},"nome":"Comiss\u00e3o Constitui\u00e7\u00e3o e Justi\u00e7a","data":"2025-10-01","autor":"Relator Israel L\u00facio","ementa":"","indexacao":"","arquivo":"http://sapl.itauna.mg.leg.br/media/sapl/public/documentoacessorio/2025/2107/parecer__da_comissao_ccj__pl__96_2025_ass.pdf","data_ultima_atualizacao":"2025-10-02T15:15:46.982462-03:00","materia":4706,"tipo":5}