{"id":2097,"__str__":"Parecer - Comiss\u00e3o Constitui\u00e7\u00e3o e Justi\u00e7a de 17/09/2025 por Relator Humberto Santiago","link_detail_backend":"/materia/documentoacessorio/2097","metadata":{"signs":{"arquivo":{"admin":[],"autores":[["Dalmo Assis de Oliveira",["2025-09-10T16:23:44-03:00","ICP-Brasil - Certificado PF A3"]],["Israel Antonio Lucio Neto",["2025-09-12T09:35:30-03:00","ICP-Brasil - Certificado PF A3"]],["Jose Humberto Santiago Rodrigues",["2025-09-10T15:07:47-03:00","ICP-Brasil - Certificado PF A3"]]]}}},"nome":"Comiss\u00e3o Constitui\u00e7\u00e3o e Justi\u00e7a","data":"2025-09-17","autor":"Relator Humberto Santiago","ementa":"","indexacao":"","arquivo":"http://sapl.itauna.mg.leg.br/media/sapl/public/documentoacessorio/2025/2097/parecer__da_comissao_ccj__plc__12_2025_1_ass_12-_2025_3.pdf","data_ultima_atualizacao":"2025-09-17T15:20:55.225466-03:00","materia":4712,"tipo":5}