{"id":2096,"__str__":"Parecer - Comiss\u00e3o Constitui\u00e7\u00e3o e Justi\u00e7a de 17/09/2025 por Relator Dalmo Assis","link_detail_backend":"/materia/documentoacessorio/2096","metadata":{"signs":{"arquivo":{"admin":[],"autores":[["Dalmo Assis de Oliveira",["2025-09-12T10:38:52-03:00","ICP-Brasil - Certificado PF A3"]],["Israel Antonio Lucio Neto",["2025-09-12T09:44:08-03:00","ICP-Brasil - Certificado PF A3"]],["Jose Humberto Santiago Rodrigues",["2025-09-12T21:31:08-03:00","ICP-Brasil - Certificado PF A3"]]]}}},"nome":"Comiss\u00e3o Constitui\u00e7\u00e3o e Justi\u00e7a","data":"2025-09-17","autor":"Relator Dalmo Assis","ementa":"","indexacao":"","arquivo":"http://sapl.itauna.mg.leg.br/media/sapl/public/documentoacessorio/2025/2096/parecer_veto_08_ass.pdf","data_ultima_atualizacao":"2025-09-17T14:09:56.804024-03:00","materia":4713,"tipo":5}