{"id":1994,"__str__":"Parecer - Comiss\u00e3o Constitui\u00e7\u00e3o e Justi\u00e7a de 06/06/2025 por Relator Dalmo Assis","link_detail_backend":"/materia/documentoacessorio/1994","metadata":{"signs":{"arquivo":{"admin":[],"autores":[["Dalmo Assis de Oliveira",["2025-06-05T08:57:18-03:00","ICP-Brasil - Certificado PF A3"]],["Israel Antonio Lucio Neto",["2025-06-05T13:52:08-03:00","ICP-Brasil - Certificado PF A3"]],["Jose Humberto Santiago Rodrigues",["2025-06-05T10:05:29-03:00","ICP-Brasil - Certificado PF A3"]]]}}},"nome":"Comiss\u00e3o Constitui\u00e7\u00e3o e Justi\u00e7a","data":"2025-06-06","autor":"Relator Dalmo Assis","ementa":"","indexacao":"","arquivo":"http://sapl.itauna.mg.leg.br/media/sapl/public/documentoacessorio/2025/1994/050_-parecer_pm_06_2025.pdf","data_ultima_atualizacao":"2025-06-06T15:04:37.606764-03:00","materia":4612,"tipo":5}