{"id":1990,"__str__":"Parecer - Comiss\u00e3o Constitui\u00e7\u00e3o e Justi\u00e7a de 03/06/2025 por Relator Dalmo Assis","link_detail_backend":"/materia/documentoacessorio/1990","metadata":{"signs":{"arquivo":{"admin":[],"autores":[["Dalmo Assis de Oliveira",["2025-05-08T09:22:13-03:00","ICP-Brasil - Certificado PF A3"]],["Jose Humberto Santiago Rodrigues",["2025-05-19T13:38:08-03:00","ICP-Brasil - Certificado PF A3"]]]}}},"nome":"Comiss\u00e3o Constitui\u00e7\u00e3o e Justi\u00e7a","data":"2025-06-03","autor":"Relator Dalmo Assis","ementa":"","indexacao":"","arquivo":"http://sapl.itauna.mg.leg.br/media/sapl/public/documentoacessorio/2025/1990/036_-_parecer_pl_30_2025__-terminativo.pdf","data_ultima_atualizacao":"2025-06-03T13:49:49.897298-03:00","materia":4558,"tipo":5}