{"id":1946,"__str__":"Parecer - Comiss\u00e3o Constitui\u00e7\u00e3o e Justi\u00e7a de 29/04/2025 por Relator Dalmo Assis","link_detail_backend":"/materia/documentoacessorio/1946","metadata":{"signs":{"arquivo":{"admin":[],"autores":[["Dalmo Assis de Oliveira",["2025-04-16T14:11:25-03:00","ICP-Brasil - Certificado PF A3"]],["Jose Humberto Santiago Rodrigues",["2025-04-22T12:19:59-03:00","ICP-Brasil - Certificado PF A3"]]]}}},"nome":"Comiss\u00e3o Constitui\u00e7\u00e3o e Justi\u00e7a","data":"2025-04-29","autor":"Relator Dalmo Assis","ementa":"","indexacao":"","arquivo":"http://sapl.itauna.mg.leg.br/media/sapl/public/documentoacessorio/2025/1946/pl_43-2025_-_ccj.pdf","data_ultima_atualizacao":"2025-04-29T16:28:19.173791-03:00","materia":4581,"tipo":5}