{"id":1672,"__str__":"Parecer - Comiss\u00e3o de Constitui\u00e7\u00e3o e Justi\u00e7a de 02/05/2024 por Alexandre Campos","link_detail_backend":"/materia/documentoacessorio/1672","metadata":{"signs":{"arquivo":{"admin":[],"autores":[["Alexandre Magno Martoni Debique Campos",["2024-05-02T12:28:37-03:00","ICP-Brasil - Certificado PF A3"]],["Lacimar Cezario da Silva",["2024-05-02T13:34:31-03:00","ICP-Brasil - Certificado PF A3"]]]}}},"nome":"Comiss\u00e3o de Constitui\u00e7\u00e3o e Justi\u00e7a","data":"2024-05-02","autor":"Alexandre Campos","ementa":"","indexacao":"","arquivo":"http://sapl.itauna.mg.leg.br/media/sapl/public/documentoacessorio/2024/1672/parecer_pr-35_2024.pdf","data_ultima_atualizacao":"2024-05-02T15:43:34.548724-03:00","materia":4400,"tipo":5}