{"id":1371,"__str__":"Parecer - COMISS\u00c3O DE CONSTITUI\u00c7\u00c3O E JUSTI\u00c7A de 12/09/2023 por Relator Giordane Alberto Carvalho","link_detail_backend":"/materia/documentoacessorio/1371","metadata":{"signs":{"arquivo":{"admin":[],"autores":[["Giordane Alberto Carvalho",["2023-09-11T10:21:34-03:00","ICP-Brasil - Certificado PF A3"]],["Lacimar Cezario da Silva",["2023-09-11T12:04:25-03:00","ICP-Brasil - Certificado PF A3"]]]}}},"nome":"COMISS\u00c3O DE CONSTITUI\u00c7\u00c3O E JUSTI\u00c7A","data":"2023-09-12","autor":"Relator Giordane Alberto Carvalho","ementa":"Denomina pr\u00f3prio p\u00fablico Centro Comunit\u00e1rio Osmando Moreira da Silva da Comunidade S\u00e3o Jos\u00e9 de Pedras.","indexacao":"Denomina pr\u00f3prio p\u00fablico Centro Comunit\u00e1rio Osmando Moreira da Silva da Comunidade S\u00e3o Jos\u00e9 de Pedras.","arquivo":"http://sapl.itauna.mg.leg.br/media/sapl/public/documentoacessorio/2023/1371/pl_128-2023-_ccj_pedras.pdf","data_ultima_atualizacao":"2023-09-12T10:35:56.070210-03:00","materia":4173,"tipo":5}