{"id":1352,"__str__":"Parecer - Comiss\u00e3o de Sa\u00fade de 31/08/2023 por Relator Lacimar Cez\u00e1rio da Silva","link_detail_backend":"/materia/documentoacessorio/1352","metadata":{"signs":{"arquivo":{"admin":[],"autores":[["Giordane Alberto Carvalho",["2023-08-30T14:17:30-03:00","ICP-Brasil - Certificado PF A3"]],["Lacimar Cezario da Silva",["2023-08-30T14:08:23-03:00","ICP-Brasil - Certificado PF A3"]]]}}},"nome":"Comiss\u00e3o de Sa\u00fade","data":"2023-08-31","autor":"Relator Lacimar Cez\u00e1rio da Silva","ementa":"Autoriza o Executivo Municipal a  gratificar servidores que exer\u00e7am suas fun\u00e7\u00f5es no \u00e2mbito da Procuradoria-Geral do  Munic\u00edpio e d\u00e1 outras provid\u00eancias.","indexacao":"Autoriza o Executivo Municipal a  gratificar servidores que exer\u00e7am suas fun\u00e7\u00f5es no \u00e2mbito da Procuradoria-Geral do  Munic\u00edpio e d\u00e1 outras provid\u00eancias.","arquivo":"http://sapl.itauna.mg.leg.br/media/sapl/public/documentoacessorio/2023/1352/pl_121-2023_-cfo_-_gratificacao_procuradoria__-_prefeito.pdf","data_ultima_atualizacao":"2023-08-31T10:11:17.956306-03:00","materia":4164,"tipo":5}