{"id":1172,"__str__":"Parecer - Comiss\u00e3o de Constitui\u00e7\u00e3o e Justi\u00e7a de 23/05/2023 por Leonardo Alves","link_detail_backend":"/materia/documentoacessorio/1172","metadata":{},"nome":"Comiss\u00e3o de Constitui\u00e7\u00e3o e Justi\u00e7a","data":"2023-05-23","autor":"Leonardo Alves","ementa":"\u201cConcede o T\u00edtulo de Cidad\u00e3o Honor\u00e1rio de Ita\u00fana ao Padre Charley Marcelino Silva.\u201d","indexacao":"\u201cConcede o T\u00edtulo de Cidad\u00e3o Honor\u00e1rio de Ita\u00fana ao Padre Charley Marcelino Silva.\u201d","arquivo":"http://sapl.itauna.mg.leg.br/media/sapl/public/documentoacessorio/2023/1172/pr_24-23-ccj-_cidadao_honorario_padre_charley_marcelino_silva.pdf","data_ultima_atualizacao":"2023-05-23T13:26:34.159110-03:00","materia":4029,"tipo":5}