{"id":1163,"__str__":"Parecer - Comiss\u00e3o de Obras de 18/05/2023 por Lacimar Cez\u00e1rio da Silva","link_detail_backend":"/materia/documentoacessorio/1163","metadata":{},"nome":"Comiss\u00e3o de Obras","data":"2023-05-18","autor":"Lacimar Cez\u00e1rio da Silva","ementa":"\u201cDisp\u00f5e sobre avalia\u00e7\u00e3o peri\u00f3dica das vias p\u00fablicas  urbanas e rurais de responsabilidade do munic\u00edpio de Ita\u00fana/MG e d\u00e1 outras \r\nprovid\u00eancias.\u201d","indexacao":"\u201cDisp\u00f5e sobre avalia\u00e7\u00e3o peri\u00f3dica das vias p\u00fablicas  urbanas e rurais de responsabilidade do munic\u00edpio de Ita\u00fana/MG e d\u00e1 outras \r\nprovid\u00eancias.\u201d","arquivo":"http://sapl.itauna.mg.leg.br/media/sapl/public/documentoacessorio/2023/1163/pl_51_de_2023_-_comissao_de_obras-_-_avaliacao_periodica_das_vias_publicas_urbanas_e_rurais.pdf","data_ultima_atualizacao":"2023-05-18T13:34:39.216985-03:00","materia":3985,"tipo":5}